{"id":52878,"date":"2026-04-30T11:42:41","date_gmt":"2026-04-30T09:42:41","guid":{"rendered":"https:\/\/kutsekoda.ee\/?p=52878"},"modified":"2026-04-30T11:42:42","modified_gmt":"2026-04-30T09:42:42","slug":"vaata-jarele-xi-koolitajate-mittekonverentsi-veebipaev-toi-kokku-oppiva-kogukonna","status":"publish","type":"post","link":"https:\/\/kutsekoda.ee\/en\/vaata-jarele-xi-koolitajate-mittekonverentsi-veebipaev-toi-kokku-oppiva-kogukonna\/","title":{"rendered":"Vaata j\u00e4rele: XI koolitajate mittekonverentsi veebip\u00e4ev t\u00f5i kokku \u00f5ppiva kogukonna"},"content":{"rendered":"\n<p><strong>Mittekonverentsi veebip\u00e4eval arutleti \u00f5ppijate vajaduste, p\u00f5hioskuste arendamise ja kogukonnap\u00f5hise \u00f5ppimise rolli \u00fcle t\u00e4iskasvanuhariduses.<\/strong><\/p>\n\n\n\n<!--more-->\n\n\n\n<p>XI koolitajate mittekonverentsi \u201eKus kogu, seal v\u00e4ge\u201c esimene p\u00e4ev toimus 24. aprillil 2026 veebikeskkonnas Zoom ning t\u00f5i kokku laiap\u00f5hjalise ja aktiivse t\u00e4iskasvanuhariduse kogukonna. <\/p>\n\n\n\n<p>Veebip\u00e4eva formaat v\u00f5imaldas kaasata osalejaid \u00fcle Eesti ning tuua kokku erineva taustaga koolitajaid, koolitusjuhte, kogukonnaarendajaid ja t\u00e4iskasvanuhariduse eestvedajaid. <\/p>\n\n\n\n<p>P\u00e4eva jooksul k\u00e4sitleti nii \u00f5ppijate vajadusi, oskuste arendamise s\u00fcsteemseid k\u00fcsimusi kui ka kogukonnap\u00f5hise \u00f5ppimise t\u00e4hendust. Fookuses olid k\u00fcsimused, kuidas toetada \u00f5ppimist olukorras, kus \u00f5ppijate taustad ja valmisolekud on v\u00e4ga erinevad, ning millist rolli m\u00e4ngivad kogukonnad \u00f5ppimise kestlikkuse ja t\u00e4henduslikkuse kujundamisel.<\/p>\n\n\n\n<p><a href=\"https:\/\/epale.ec.europa.eu\/et\/blog\/vaata-jarele-xi-koolitajate-mittekonverentsi-veebipaev-toi-kokku-oppiva-kogukonna\">Vaata ettekandeid j\u00e4rele siit<\/a><\/p>\n\n\n\n<p><\/p>\n","protected":false},"excerpt":{"rendered":"<p>Mittekonverentsi veebip\u00e4eval arutleti \u00f5ppijate vajaduste, p\u00f5hioskuste arendamise ja kogukonnap\u00f5hise \u00f5ppimise rolli \u00fcle t\u00e4iskasvanuhariduses.<\/p>\n","protected":false},"author":14,"featured_media":52634,"comment_status":"closed","ping_status":"closed","sticky":false,"template":"","format":"standard","meta":{"inline_featured_image":false,"neve_meta_sidebar":"","neve_meta_container":"","neve_meta_enable_content_width":"","neve_meta_content_width":0,"neve_meta_title_alignment":"","neve_meta_author_avatar":"","neve_post_elements_order":"","neve_meta_disable_header":"","neve_meta_disable_footer":"","neve_meta_disable_title":"","_themeisle_gutenberg_block_has_review":false,"_FSMCFIC_featured_image_caption":"","_FSMCFIC_featured_image_nocaption":"","_FSMCFIC_featured_image_hide":"","footnotes":""},"categories":[1167,1041],"tags":[],"class_list":["post-52878","post","type-post","status-publish","format-standard","has-post-thumbnail","hentry","category-epale","category-uus"],"yoast_head":"<!-- This site is optimized with the Yoast SEO plugin v27.5 - https:\/\/yoast.com\/product\/yoast-seo-wordpress\/ -->\n<title>Vaata j\u00e4rele: XI koolitajate mittekonverentsi veebip\u00e4ev t\u00f5i kokku \u00f5ppiva kogukonna - Kutsekoda<\/title>\n<meta name=\"robots\" content=\"index, follow, max-snippet:-1, max-image-preview:large, max-video-preview:-1\" \/>\n<link rel=\"canonical\" href=\"https:\/\/kutsekoda.ee\/vaata-jarele-xi-koolitajate-mittekonverentsi-veebipaev-toi-kokku-oppiva-kogukonna\/\" \/>\n<meta property=\"og:locale\" content=\"en_US\" \/>\n<meta property=\"og:type\" content=\"article\" \/>\n<meta property=\"og:title\" content=\"Vaata j\u00e4rele: XI koolitajate mittekonverentsi veebip\u00e4ev t\u00f5i kokku \u00f5ppiva kogukonna - Kutsekoda\" \/>\n<meta property=\"og:description\" content=\"Mittekonverentsi veebip\u00e4eval arutleti \u00f5ppijate vajaduste, p\u00f5hioskuste arendamise ja kogukonnap\u00f5hise \u00f5ppimise rolli \u00fcle t\u00e4iskasvanuhariduses.\" \/>\n<meta property=\"og:url\" content=\"https:\/\/kutsekoda.ee\/vaata-jarele-xi-koolitajate-mittekonverentsi-veebipaev-toi-kokku-oppiva-kogukonna\/\" \/>\n<meta property=\"og:site_name\" content=\"Kutsekoda\" \/>\n<meta property=\"article:published_time\" content=\"2026-04-30T09:42:41+00:00\" \/>\n<meta property=\"article:modified_time\" content=\"2026-04-30T09:42:42+00:00\" \/>\n<meta property=\"og:image\" content=\"https:\/\/kutsekoda.ee\/wp-content\/uploads\/2025\/12\/XI-Koolitajate-mittekonverents.png.webp\" \/>\n\t<meta property=\"og:image:width\" content=\"800\" \/>\n\t<meta property=\"og:image:height\" content=\"420\" \/>\n\t<meta property=\"og:image:type\" content=\"image\/webp\" \/>\n<meta name=\"author\" content=\"Siret Trull\" \/>\n<meta name=\"twitter:card\" content=\"summary_large_image\" \/>\n<meta name=\"twitter:label1\" content=\"Written by\" \/>\n\t<meta name=\"twitter:data1\" content=\"Siret Trull\" \/>\n\t<meta name=\"twitter:label2\" content=\"Est. reading time\" \/>\n\t<meta name=\"twitter:data2\" content=\"1 minute\" \/>\n<script type=\"application\/ld+json\" class=\"yoast-schema-graph\">{\"@context\":\"https:\\\/\\\/schema.org\",\"@graph\":[{\"@type\":\"Article\",\"@id\":\"https:\\\/\\\/kutsekoda.ee\\\/vaata-jarele-xi-koolitajate-mittekonverentsi-veebipaev-toi-kokku-oppiva-kogukonna\\\/#article\",\"isPartOf\":{\"@id\":\"https:\\\/\\\/kutsekoda.ee\\\/vaata-jarele-xi-koolitajate-mittekonverentsi-veebipaev-toi-kokku-oppiva-kogukonna\\\/\"},\"author\":{\"name\":\"Siret Trull\",\"@id\":\"https:\\\/\\\/kutsekoda.ee\\\/#\\\/schema\\\/person\\\/ec98503b04903f902c85d1f97d38e02f\"},\"headline\":\"Vaata j\u00e4rele: XI koolitajate mittekonverentsi veebip\u00e4ev t\u00f5i kokku \u00f5ppiva kogukonna\",\"datePublished\":\"2026-04-30T09:42:41+00:00\",\"dateModified\":\"2026-04-30T09:42:42+00:00\",\"mainEntityOfPage\":{\"@id\":\"https:\\\/\\\/kutsekoda.ee\\\/vaata-jarele-xi-koolitajate-mittekonverentsi-veebipaev-toi-kokku-oppiva-kogukonna\\\/\"},\"wordCount\":132,\"publisher\":{\"@id\":\"https:\\\/\\\/kutsekoda.ee\\\/#organization\"},\"image\":{\"@id\":\"https:\\\/\\\/kutsekoda.ee\\\/vaata-jarele-xi-koolitajate-mittekonverentsi-veebipaev-toi-kokku-oppiva-kogukonna\\\/#primaryimage\"},\"thumbnailUrl\":\"https:\\\/\\\/kutsekoda.ee\\\/wp-content\\\/uploads\\\/2025\\\/12\\\/XI-Koolitajate-mittekonverents.png.webp\",\"articleSection\":[\"EPALE\",\"Uus\"],\"inLanguage\":\"en-US\"},{\"@type\":\"WebPage\",\"@id\":\"https:\\\/\\\/kutsekoda.ee\\\/vaata-jarele-xi-koolitajate-mittekonverentsi-veebipaev-toi-kokku-oppiva-kogukonna\\\/\",\"url\":\"https:\\\/\\\/kutsekoda.ee\\\/vaata-jarele-xi-koolitajate-mittekonverentsi-veebipaev-toi-kokku-oppiva-kogukonna\\\/\",\"name\":\"Vaata j\u00e4rele: XI koolitajate mittekonverentsi veebip\u00e4ev t\u00f5i kokku \u00f5ppiva kogukonna - Kutsekoda\",\"isPartOf\":{\"@id\":\"https:\\\/\\\/kutsekoda.ee\\\/#website\"},\"primaryImageOfPage\":{\"@id\":\"https:\\\/\\\/kutsekoda.ee\\\/vaata-jarele-xi-koolitajate-mittekonverentsi-veebipaev-toi-kokku-oppiva-kogukonna\\\/#primaryimage\"},\"image\":{\"@id\":\"https:\\\/\\\/kutsekoda.ee\\\/vaata-jarele-xi-koolitajate-mittekonverentsi-veebipaev-toi-kokku-oppiva-kogukonna\\\/#primaryimage\"},\"thumbnailUrl\":\"https:\\\/\\\/kutsekoda.ee\\\/wp-content\\\/uploads\\\/2025\\\/12\\\/XI-Koolitajate-mittekonverents.png.webp\",\"datePublished\":\"2026-04-30T09:42:41+00:00\",\"dateModified\":\"2026-04-30T09:42:42+00:00\",\"breadcrumb\":{\"@id\":\"https:\\\/\\\/kutsekoda.ee\\\/vaata-jarele-xi-koolitajate-mittekonverentsi-veebipaev-toi-kokku-oppiva-kogukonna\\\/#breadcrumb\"},\"inLanguage\":\"en-US\",\"potentialAction\":[{\"@type\":\"ReadAction\",\"target\":[\"https:\\\/\\\/kutsekoda.ee\\\/vaata-jarele-xi-koolitajate-mittekonverentsi-veebipaev-toi-kokku-oppiva-kogukonna\\\/\"]}]},{\"@type\":\"ImageObject\",\"inLanguage\":\"en-US\",\"@id\":\"https:\\\/\\\/kutsekoda.ee\\\/vaata-jarele-xi-koolitajate-mittekonverentsi-veebipaev-toi-kokku-oppiva-kogukonna\\\/#primaryimage\",\"url\":\"https:\\\/\\\/kutsekoda.ee\\\/wp-content\\\/uploads\\\/2025\\\/12\\\/XI-Koolitajate-mittekonverents.png.webp\",\"contentUrl\":\"https:\\\/\\\/kutsekoda.ee\\\/wp-content\\\/uploads\\\/2025\\\/12\\\/XI-Koolitajate-mittekonverents.png.webp\",\"width\":800,\"height\":420},{\"@type\":\"BreadcrumbList\",\"@id\":\"https:\\\/\\\/kutsekoda.ee\\\/vaata-jarele-xi-koolitajate-mittekonverentsi-veebipaev-toi-kokku-oppiva-kogukonna\\\/#breadcrumb\",\"itemListElement\":[{\"@type\":\"ListItem\",\"position\":1,\"name\":\"Frontpage\",\"item\":\"https:\\\/\\\/kutsekoda.ee\\\/en\\\/\"},{\"@type\":\"ListItem\",\"position\":2,\"name\":\"Vaata j\u00e4rele: XI koolitajate mittekonverentsi veebip\u00e4ev t\u00f5i kokku \u00f5ppiva kogukonna\"}]},{\"@type\":\"WebSite\",\"@id\":\"https:\\\/\\\/kutsekoda.ee\\\/#website\",\"url\":\"https:\\\/\\\/kutsekoda.ee\\\/\",\"name\":\"Kutsekoda\",\"description\":\"\",\"publisher\":{\"@id\":\"https:\\\/\\\/kutsekoda.ee\\\/#organization\"},\"potentialAction\":[{\"@type\":\"SearchAction\",\"target\":{\"@type\":\"EntryPoint\",\"urlTemplate\":\"https:\\\/\\\/kutsekoda.ee\\\/?s={search_term_string}\"},\"query-input\":{\"@type\":\"PropertyValueSpecification\",\"valueRequired\":true,\"valueName\":\"search_term_string\"}}],\"inLanguage\":\"en-US\"},{\"@type\":\"Organization\",\"@id\":\"https:\\\/\\\/kutsekoda.ee\\\/#organization\",\"name\":\"Sihtasutus Kutsekoda\",\"url\":\"https:\\\/\\\/kutsekoda.ee\\\/\",\"logo\":{\"@type\":\"ImageObject\",\"inLanguage\":\"en-US\",\"@id\":\"https:\\\/\\\/kutsekoda.ee\\\/#\\\/schema\\\/logo\\\/image\\\/\",\"url\":\"https:\\\/\\\/kutsekoda.ee\\\/wp-content\\\/uploads\\\/2023\\\/02\\\/cropped-kutsekoda-logo-et-1.png\",\"contentUrl\":\"https:\\\/\\\/kutsekoda.ee\\\/wp-content\\\/uploads\\\/2023\\\/02\\\/cropped-kutsekoda-logo-et-1.png\",\"width\":200,\"height\":72,\"caption\":\"Sihtasutus Kutsekoda\"},\"image\":{\"@id\":\"https:\\\/\\\/kutsekoda.ee\\\/#\\\/schema\\\/logo\\\/image\\\/\"}},{\"@type\":\"Person\",\"@id\":\"https:\\\/\\\/kutsekoda.ee\\\/#\\\/schema\\\/person\\\/ec98503b04903f902c85d1f97d38e02f\",\"name\":\"Siret Trull\",\"image\":{\"@type\":\"ImageObject\",\"inLanguage\":\"en-US\",\"@id\":\"https:\\\/\\\/secure.gravatar.com\\\/avatar\\\/7dfdf74a85f4a3ad19f3552e321ae204b1e6ce69d74eda7ae3c2e885908901f6?s=96&d=mm&r=g\",\"url\":\"https:\\\/\\\/secure.gravatar.com\\\/avatar\\\/7dfdf74a85f4a3ad19f3552e321ae204b1e6ce69d74eda7ae3c2e885908901f6?s=96&d=mm&r=g\",\"contentUrl\":\"https:\\\/\\\/secure.gravatar.com\\\/avatar\\\/7dfdf74a85f4a3ad19f3552e321ae204b1e6ce69d74eda7ae3c2e885908901f6?s=96&d=mm&r=g\",\"caption\":\"Siret Trull\"},\"description\":\"ESF projekti kommunikatsioonijuht\",\"url\":\"https:\\\/\\\/kutsekoda.ee\\\/en\\\/author\\\/sirett\\\/\"}]}<\/script>\n<!-- \/ Yoast SEO plugin. -->","yoast_head_json":{"title":"Vaata j\u00e4rele: XI koolitajate mittekonverentsi veebip\u00e4ev t\u00f5i kokku \u00f5ppiva kogukonna - Kutsekoda","robots":{"index":"index","follow":"follow","max-snippet":"max-snippet:-1","max-image-preview":"max-image-preview:large","max-video-preview":"max-video-preview:-1"},"canonical":"https:\/\/kutsekoda.ee\/vaata-jarele-xi-koolitajate-mittekonverentsi-veebipaev-toi-kokku-oppiva-kogukonna\/","og_locale":"en_US","og_type":"article","og_title":"Vaata j\u00e4rele: XI koolitajate mittekonverentsi veebip\u00e4ev t\u00f5i kokku \u00f5ppiva kogukonna - Kutsekoda","og_description":"Mittekonverentsi veebip\u00e4eval arutleti \u00f5ppijate vajaduste, p\u00f5hioskuste arendamise ja kogukonnap\u00f5hise \u00f5ppimise rolli \u00fcle t\u00e4iskasvanuhariduses.","og_url":"https:\/\/kutsekoda.ee\/vaata-jarele-xi-koolitajate-mittekonverentsi-veebipaev-toi-kokku-oppiva-kogukonna\/","og_site_name":"Kutsekoda","article_published_time":"2026-04-30T09:42:41+00:00","article_modified_time":"2026-04-30T09:42:42+00:00","og_image":[{"width":800,"height":420,"url":"https:\/\/kutsekoda.ee\/wp-content\/uploads\/2025\/12\/XI-Koolitajate-mittekonverents.png.webp","type":"image\/webp"}],"author":"Siret Trull","twitter_card":"summary_large_image","twitter_misc":{"Written by":"Siret Trull","Est. reading time":"1 minute"},"schema":{"@context":"https:\/\/schema.org","@graph":[{"@type":"Article","@id":"https:\/\/kutsekoda.ee\/vaata-jarele-xi-koolitajate-mittekonverentsi-veebipaev-toi-kokku-oppiva-kogukonna\/#article","isPartOf":{"@id":"https:\/\/kutsekoda.ee\/vaata-jarele-xi-koolitajate-mittekonverentsi-veebipaev-toi-kokku-oppiva-kogukonna\/"},"author":{"name":"Siret Trull","@id":"https:\/\/kutsekoda.ee\/#\/schema\/person\/ec98503b04903f902c85d1f97d38e02f"},"headline":"Vaata j\u00e4rele: XI koolitajate mittekonverentsi veebip\u00e4ev t\u00f5i kokku \u00f5ppiva kogukonna","datePublished":"2026-04-30T09:42:41+00:00","dateModified":"2026-04-30T09:42:42+00:00","mainEntityOfPage":{"@id":"https:\/\/kutsekoda.ee\/vaata-jarele-xi-koolitajate-mittekonverentsi-veebipaev-toi-kokku-oppiva-kogukonna\/"},"wordCount":132,"publisher":{"@id":"https:\/\/kutsekoda.ee\/#organization"},"image":{"@id":"https:\/\/kutsekoda.ee\/vaata-jarele-xi-koolitajate-mittekonverentsi-veebipaev-toi-kokku-oppiva-kogukonna\/#primaryimage"},"thumbnailUrl":"https:\/\/kutsekoda.ee\/wp-content\/uploads\/2025\/12\/XI-Koolitajate-mittekonverents.png.webp","articleSection":["EPALE","Uus"],"inLanguage":"en-US"},{"@type":"WebPage","@id":"https:\/\/kutsekoda.ee\/vaata-jarele-xi-koolitajate-mittekonverentsi-veebipaev-toi-kokku-oppiva-kogukonna\/","url":"https:\/\/kutsekoda.ee\/vaata-jarele-xi-koolitajate-mittekonverentsi-veebipaev-toi-kokku-oppiva-kogukonna\/","name":"Vaata j\u00e4rele: XI koolitajate mittekonverentsi veebip\u00e4ev t\u00f5i kokku \u00f5ppiva kogukonna - Kutsekoda","isPartOf":{"@id":"https:\/\/kutsekoda.ee\/#website"},"primaryImageOfPage":{"@id":"https:\/\/kutsekoda.ee\/vaata-jarele-xi-koolitajate-mittekonverentsi-veebipaev-toi-kokku-oppiva-kogukonna\/#primaryimage"},"image":{"@id":"https:\/\/kutsekoda.ee\/vaata-jarele-xi-koolitajate-mittekonverentsi-veebipaev-toi-kokku-oppiva-kogukonna\/#primaryimage"},"thumbnailUrl":"https:\/\/kutsekoda.ee\/wp-content\/uploads\/2025\/12\/XI-Koolitajate-mittekonverents.png.webp","datePublished":"2026-04-30T09:42:41+00:00","dateModified":"2026-04-30T09:42:42+00:00","breadcrumb":{"@id":"https:\/\/kutsekoda.ee\/vaata-jarele-xi-koolitajate-mittekonverentsi-veebipaev-toi-kokku-oppiva-kogukonna\/#breadcrumb"},"inLanguage":"en-US","potentialAction":[{"@type":"ReadAction","target":["https:\/\/kutsekoda.ee\/vaata-jarele-xi-koolitajate-mittekonverentsi-veebipaev-toi-kokku-oppiva-kogukonna\/"]}]},{"@type":"ImageObject","inLanguage":"en-US","@id":"https:\/\/kutsekoda.ee\/vaata-jarele-xi-koolitajate-mittekonverentsi-veebipaev-toi-kokku-oppiva-kogukonna\/#primaryimage","url":"https:\/\/kutsekoda.ee\/wp-content\/uploads\/2025\/12\/XI-Koolitajate-mittekonverents.png.webp","contentUrl":"https:\/\/kutsekoda.ee\/wp-content\/uploads\/2025\/12\/XI-Koolitajate-mittekonverents.png.webp","width":800,"height":420},{"@type":"BreadcrumbList","@id":"https:\/\/kutsekoda.ee\/vaata-jarele-xi-koolitajate-mittekonverentsi-veebipaev-toi-kokku-oppiva-kogukonna\/#breadcrumb","itemListElement":[{"@type":"ListItem","position":1,"name":"Frontpage","item":"https:\/\/kutsekoda.ee\/en\/"},{"@type":"ListItem","position":2,"name":"Vaata j\u00e4rele: XI koolitajate mittekonverentsi veebip\u00e4ev t\u00f5i kokku \u00f5ppiva kogukonna"}]},{"@type":"WebSite","@id":"https:\/\/kutsekoda.ee\/#website","url":"https:\/\/kutsekoda.ee\/","name":"Kutsekoda","description":"","publisher":{"@id":"https:\/\/kutsekoda.ee\/#organization"},"potentialAction":[{"@type":"SearchAction","target":{"@type":"EntryPoint","urlTemplate":"https:\/\/kutsekoda.ee\/?s={search_term_string}"},"query-input":{"@type":"PropertyValueSpecification","valueRequired":true,"valueName":"search_term_string"}}],"inLanguage":"en-US"},{"@type":"Organization","@id":"https:\/\/kutsekoda.ee\/#organization","name":"Sihtasutus Kutsekoda","url":"https:\/\/kutsekoda.ee\/","logo":{"@type":"ImageObject","inLanguage":"en-US","@id":"https:\/\/kutsekoda.ee\/#\/schema\/logo\/image\/","url":"https:\/\/kutsekoda.ee\/wp-content\/uploads\/2023\/02\/cropped-kutsekoda-logo-et-1.png","contentUrl":"https:\/\/kutsekoda.ee\/wp-content\/uploads\/2023\/02\/cropped-kutsekoda-logo-et-1.png","width":200,"height":72,"caption":"Sihtasutus Kutsekoda"},"image":{"@id":"https:\/\/kutsekoda.ee\/#\/schema\/logo\/image\/"}},{"@type":"Person","@id":"https:\/\/kutsekoda.ee\/#\/schema\/person\/ec98503b04903f902c85d1f97d38e02f","name":"Siret Trull","image":{"@type":"ImageObject","inLanguage":"en-US","@id":"https:\/\/secure.gravatar.com\/avatar\/7dfdf74a85f4a3ad19f3552e321ae204b1e6ce69d74eda7ae3c2e885908901f6?s=96&d=mm&r=g","url":"https:\/\/secure.gravatar.com\/avatar\/7dfdf74a85f4a3ad19f3552e321ae204b1e6ce69d74eda7ae3c2e885908901f6?s=96&d=mm&r=g","contentUrl":"https:\/\/secure.gravatar.com\/avatar\/7dfdf74a85f4a3ad19f3552e321ae204b1e6ce69d74eda7ae3c2e885908901f6?s=96&d=mm&r=g","caption":"Siret Trull"},"description":"ESF projekti kommunikatsioonijuht","url":"https:\/\/kutsekoda.ee\/en\/author\/sirett\/"}]}},"publishpress_future_action":{"enabled":false,"date":"2026-05-07 17:42:04","action":"category","newStatus":"draft","terms":[0],"taxonomy":"category","extraData":[]},"publishpress_future_workflow_manual_trigger":{"enabledWorkflows":[]},"_links":{"self":[{"href":"https:\/\/kutsekoda.ee\/en\/wp-json\/wp\/v2\/posts\/52878","targetHints":{"allow":["GET"]}}],"collection":[{"href":"https:\/\/kutsekoda.ee\/en\/wp-json\/wp\/v2\/posts"}],"about":[{"href":"https:\/\/kutsekoda.ee\/en\/wp-json\/wp\/v2\/types\/post"}],"author":[{"embeddable":true,"href":"https:\/\/kutsekoda.ee\/en\/wp-json\/wp\/v2\/users\/14"}],"replies":[{"embeddable":true,"href":"https:\/\/kutsekoda.ee\/en\/wp-json\/wp\/v2\/comments?post=52878"}],"version-history":[{"count":2,"href":"https:\/\/kutsekoda.ee\/en\/wp-json\/wp\/v2\/posts\/52878\/revisions"}],"predecessor-version":[{"id":52880,"href":"https:\/\/kutsekoda.ee\/en\/wp-json\/wp\/v2\/posts\/52878\/revisions\/52880"}],"wp:featuredmedia":[{"embeddable":true,"href":"https:\/\/kutsekoda.ee\/en\/wp-json\/wp\/v2\/media\/52634"}],"wp:attachment":[{"href":"https:\/\/kutsekoda.ee\/en\/wp-json\/wp\/v2\/media?parent=52878"}],"wp:term":[{"taxonomy":"category","embeddable":true,"href":"https:\/\/kutsekoda.ee\/en\/wp-json\/wp\/v2\/categories?post=52878"},{"taxonomy":"post_tag","embeddable":true,"href":"https:\/\/kutsekoda.ee\/en\/wp-json\/wp\/v2\/tags?post=52878"}],"curies":[{"name":"wp","href":"https:\/\/api.w.org\/{rel}","templated":true}]}}